{"id":1166,"date":"2017-05-20T09:25:55","date_gmt":"2017-05-20T08:25:55","guid":{"rendered":"http:\/\/kermerblog.com\/?p=1166"},"modified":"2019-02-05T10:29:02","modified_gmt":"2019-02-05T10:29:02","slug":"liban-la-terre-est-folle","status":"publish","type":"post","link":"https:\/\/ker-mer.com\/en\/liban-la-terre-est-folle\/","title":{"rendered":"The Earth is crazy"},"content":{"rendered":"<p class=\"x_MsoNormal\" style=\"text-align: justify;\">Que le c\u00f4t\u00e9 ostentatoire et ornemental dans la culture orientale vous s\u00e9duise ou pas, nous avons choisi de vous parler d\u2019un jeune designer qui a l\u2019audace de revisiter un de ses grand classiques.<\/p>\n<p class=\"x_MsoNormal\"> <img loading=\"lazy\" decoding=\"async\" class=\" wp-image-1176 aligncenter\" src=\"https:\/\/ker-mer.com\/wp-content\/uploads\/2017\/05\/tumblr_oh3s34bl5p1qmty4lo1_1280.jpg\" alt=\"tumblr_oh3s34bl5p1qmty4lo1_1280\" width=\"513\" height=\"670\" \/><\/p>\n<p class=\"x_MsoNormal\" style=\"text-align: justify;\">J\u2019ai rencontr\u00e9 Joe Arida lors de la derni\u00e8re fashion week de Beirut en Octobre 2016. Un gar\u00e7on charmant et tr\u00e8s naturel au demeurant. Rien de glamour dans ses cr\u00e9ations de mode, juste la pointe de nonchalance n\u00e9cessaire qui fait que le v\u00eatement est cool et sied en toutes circonstances.  Classique ou Branch\u00e9, on s\u2019y retrouve.<\/p>\n<div id='gallery-1' class='gallery galleryid-1166 gallery-columns-3 gallery-size-thumbnail'><figure class='gallery-item'>\n\t\t\t<div class='gallery-icon portrait'>\n\t\t\t\t<a href='https:\/\/ker-mer.com\/en\/liban-la-terre-est-folle\/img_0677-copy\/'><img loading=\"lazy\" decoding=\"async\" width=\"150\" height=\"150\" src=\"https:\/\/ker-mer.com\/wp-content\/uploads\/2017\/05\/img_0677-copy-150x150.jpg\" class=\"attachment-thumbnail size-thumbnail\" alt=\"\" \/><\/a>\n\t\t\t<\/div><\/figure><figure class='gallery-item'>\n\t\t\t<div class='gallery-icon portrait'>\n\t\t\t\t<a href='https:\/\/ker-mer.com\/en\/liban-la-terre-est-folle\/img_0606-copy\/'><img loading=\"lazy\" decoding=\"async\" width=\"150\" height=\"150\" src=\"https:\/\/ker-mer.com\/wp-content\/uploads\/2017\/05\/img_0606-copy-150x150.jpg\" class=\"attachment-thumbnail size-thumbnail\" alt=\"\" \/><\/a>\n\t\t\t<\/div><\/figure>\n\t\t<\/div>\n\n<p class=\"x_MsoNormal\" style=\"text-align: justify;\">Ce qu\u2019on aime aussi en Joe c\u2019est son c\u00f4t\u00e9 engag\u00e9. C\u2019est en regardant la t\u00e9l\u00e9vision, que Joe a r\u00e9alis\u00e9 un jour que le monde marchait sur la t\u00eate. C\u2019est ainsi que sa marque du nom de \u00ab la Terre est folle \u00bb est n\u00e9e et a donn\u00e9 naissance \u00e0 des tables basses, des \u00e9clairages, des skateboards d\u00e9coratifs et des coussins qui ont fini par se vendre dans une des galeries en vogue de Beirut, Minus 1.  Ce qui l\u2019amuse c\u2019est de d\u00e9tourner la destination de ses cr\u00e9ations autant que possible \u2026<\/p>\n<p class=\"x_MsoNormal\" style=\"text-align: justify;\">La rencontre avec Tala Hajjar de la fondation Starch, fond\u00e9e par Rabih Kairouz, va le propulser et l\u2019inciter \u00e0 faire \u00e9voluer sa ligne de T-Shirt vers une collection de pr\u00eat-\u00e0-porter  plus compl\u00e8te. Les opportunit\u00e9s de pr\u00e9sentation de sa collection \u00e0 Paris et \u00e0 Londres vont l\u2019amener \u00e0 s\u2019interroger sur l\u2019Abaya, v\u00eatement traditionnel au Liban.<\/p>\n<p class=\"x_MsoNormal\" style=\"text-align: justify;\">Tr\u00e8s attach\u00e9 \u00e0 sa culture d\u2019origine, Joe a le talent de r\u00e9interpr\u00e9ter le  costume traditionnel du Liban d\u2019une fa\u00e7on cr\u00e9ative et moderne, en mettant aussi en avant le savoir-faire local de la broderie. Ce v\u00eatement est l\u2019Abaya, long manteau en laine tr\u00e8s couvrant qui nous \u00e9voque d\u2019une autre fa\u00e7on la marini\u00e8re ou le caban de Bretagne, grand classique de cette r\u00e9gion.  A chacun son costume pour se pr\u00e9munir des intemp\u00e9ries de son climat..<\/p>\n<p class=\"x_MsoNormal\" style=\"text-align: justify;\"><img loading=\"lazy\" decoding=\"async\" class=\"alignnone size-full wp-image-1184\" src=\"https:\/\/ker-mer.com\/wp-content\/uploads\/2017\/05\/img_1369-copy.jpg\" alt=\"IMG_1369 copy.JPG\" width=\"5472\" height=\"3648\" srcset=\"https:\/\/ker-mer.com\/wp-content\/uploads\/2017\/05\/img_1369-copy.jpg 5472w, https:\/\/ker-mer.com\/wp-content\/uploads\/2017\/05\/img_1369-copy-300x200.jpg 300w, https:\/\/ker-mer.com\/wp-content\/uploads\/2017\/05\/img_1369-copy-768x512.jpg 768w, https:\/\/ker-mer.com\/wp-content\/uploads\/2017\/05\/img_1369-copy-1024x683.jpg 1024w\" sizes=\"auto, (max-width: 5472px) 100vw, 5472px\" \/><\/p>\n<p class=\"x_MsoNormal\" style=\"text-align: justify;\"><img loading=\"lazy\" decoding=\"async\" class=\" wp-image-1186 aligncenter\" src=\"https:\/\/ker-mer.com\/wp-content\/uploads\/2017\/05\/img_1472-copy.jpg\" alt=\"IMG_1472 copy\" width=\"446\" height=\"669\" srcset=\"https:\/\/ker-mer.com\/wp-content\/uploads\/2017\/05\/img_1472-copy.jpg 3648w, https:\/\/ker-mer.com\/wp-content\/uploads\/2017\/05\/img_1472-copy-200x300.jpg 200w, https:\/\/ker-mer.com\/wp-content\/uploads\/2017\/05\/img_1472-copy-768x1152.jpg 768w, https:\/\/ker-mer.com\/wp-content\/uploads\/2017\/05\/img_1472-copy-683x1024.jpg 683w\" sizes=\"auto, (max-width: 446px) 100vw, 446px\" \/><\/p>\n<p class=\"x_MsoNormal\" style=\"text-align: justify;\">Lors de l\u2019exposition \u00e0 Londres, l\u2019abaya est en laine dans un joli bleu m\u00e9diterran\u00e9en profond,  son volume est d\u00e9lib\u00e9r\u00e9ment exag\u00e9r\u00e9, et est agr\u00e9ment\u00e9e de patchs de broderies symbolisant un Beyrouth de nature et r\u00e9tro : le soleil, les oiseaux, les voitures anciennes, les palmiers\u2026et m\u00eame les poissons. L\u2019abaya est devenu un des grands classiques chez LA TERRE EST FOLLE. L\u2019architecture Art Deco dans le vieux Beyrouth et l\u2019esprit des chaises cann\u00e9es dans les vieux caf\u00e9s libanais des ann\u00e9es 50 l\u2019ont inspir\u00e9 dans toute sa cr\u00e9ation.<\/p>\n<figure id=\"attachment_1181\" aria-describedby=\"caption-attachment-1181\" style=\"width: 2048px\" class=\"wp-caption alignnone\"><img loading=\"lazy\" decoding=\"async\" class=\"alignnone size-full wp-image-1181\" src=\"https:\/\/ker-mer.com\/wp-content\/uploads\/2017\/05\/img_7170-copy.png\" alt=\"IMG_7170 copy\" width=\"2048\" height=\"2048\" srcset=\"https:\/\/ker-mer.com\/wp-content\/uploads\/2017\/05\/img_7170-copy.png 2048w, https:\/\/ker-mer.com\/wp-content\/uploads\/2017\/05\/img_7170-copy-150x150.png 150w, https:\/\/ker-mer.com\/wp-content\/uploads\/2017\/05\/img_7170-copy-300x300.png 300w, https:\/\/ker-mer.com\/wp-content\/uploads\/2017\/05\/img_7170-copy-768x768.png 768w, https:\/\/ker-mer.com\/wp-content\/uploads\/2017\/05\/img_7170-copy-1024x1024.png 1024w\" sizes=\"auto, (max-width: 2048px) 100vw, 2048px\" \/><figcaption id=\"caption-attachment-1181\" class=\"wp-caption-text\">Exposition Intelligence fashion showcase sommerset \u00e0 Londres<\/figcaption><\/figure>\n<figure id=\"attachment_1182\" aria-describedby=\"caption-attachment-1182\" style=\"width: 1280px\" class=\"wp-caption alignnone\"><img loading=\"lazy\" decoding=\"async\" class=\"alignnone size-full wp-image-1182\" src=\"https:\/\/ker-mer.com\/wp-content\/uploads\/2017\/05\/9298da1307adf2346913b521cc09bfae.jpg\" alt=\"9298da1307adf2346913b521cc09bfae\" width=\"1280\" height=\"827\" srcset=\"https:\/\/ker-mer.com\/wp-content\/uploads\/2017\/05\/9298da1307adf2346913b521cc09bfae.jpg 1280w, https:\/\/ker-mer.com\/wp-content\/uploads\/2017\/05\/9298da1307adf2346913b521cc09bfae-300x194.jpg 300w, https:\/\/ker-mer.com\/wp-content\/uploads\/2017\/05\/9298da1307adf2346913b521cc09bfae-768x496.jpg 768w, https:\/\/ker-mer.com\/wp-content\/uploads\/2017\/05\/9298da1307adf2346913b521cc09bfae-1024x662.jpg 1024w\" sizes=\"auto, (max-width: 1280px) 100vw, 1280px\" \/><figcaption id=\"caption-attachment-1182\" class=\"wp-caption-text\">Vieux caf\u00e9 de Beyrouth<\/figcaption><\/figure>\n<figure id=\"attachment_1183\" aria-describedby=\"caption-attachment-1183\" style=\"width: 920px\" class=\"wp-caption alignnone\"><img loading=\"lazy\" decoding=\"async\" class=\"alignnone size-full wp-image-1183\" src=\"https:\/\/ker-mer.com\/wp-content\/uploads\/2017\/05\/hotel_albergo_beirut_01.jpg\" alt=\"hotel_albergo_beirut_01\" width=\"920\" height=\"420\" srcset=\"https:\/\/ker-mer.com\/wp-content\/uploads\/2017\/05\/hotel_albergo_beirut_01.jpg 920w, https:\/\/ker-mer.com\/wp-content\/uploads\/2017\/05\/hotel_albergo_beirut_01-300x137.jpg 300w, https:\/\/ker-mer.com\/wp-content\/uploads\/2017\/05\/hotel_albergo_beirut_01-768x351.jpg 768w\" sizes=\"auto, (max-width: 920px) 100vw, 920px\" \/><figcaption id=\"caption-attachment-1183\" class=\"wp-caption-text\">H\u00f4tel Albergo \u00e0 Beyrouth<\/figcaption><\/figure>\n<p class=\"x_MsoNormal\" style=\"text-align: justify;\">Joe ne s\u2019arr\u00eate pas en si bon chemin. Il cr\u00e9e aussi des collections de saison, et celle de l\u2019\u00e9t\u00e9 2017 est impr\u00e9gn\u00e9e de la for\u00eat tropicale, avec un c\u00f4t\u00e9 rock qui est loin de nous d\u00e9plaire.<\/p>\n<p class=\"x_MsoNormal\" style=\"text-align: justify;\"><img loading=\"lazy\" decoding=\"async\" class=\" wp-image-1171 aligncenter\" src=\"https:\/\/ker-mer.com\/wp-content\/uploads\/2017\/05\/177a5916mr-copy.jpg\" alt=\"177A5916mr copy\" width=\"379\" height=\"560\" \/><\/p>\n<p class=\"x_MsoNormal\" style=\"text-align: justify;\">Credits: La terre est folle<\/p>\n<p class=\"x_MsoNormal\" style=\"text-align: justify;\"><img loading=\"lazy\" decoding=\"async\" class=\" size-full wp-image-483 alignright\" src=\"https:\/\/ker-mer.com\/wp-content\/uploads\/2016\/11\/signature-tina-plus-petit.jpg\" alt=\"signature-tina-plus-petit\" width=\"79\" height=\"40\" \/><\/p>\n","protected":false},"excerpt":{"rendered":"<p>Que le c\u00f4t\u00e9 ostentatoire et ornemental dans la culture orientale vous s\u00e9duise ou pas, nous avons choisi de vous parler d\u2019un jeune designer qui a l\u2019audace de revisiter un de &hellip; <\/p>\n","protected":false},"author":1,"featured_media":8826,"comment_status":"open","ping_status":"open","sticky":false,"template":"","format":"standard","meta":{"_acf_changed":false,"footnotes":""},"categories":[814,801],"tags":[19],"class_list":["post-1166","post","type-post","status-publish","format-standard","has-post-thumbnail","hentry","category-la-mediterranee-a-beyrouth","category-mode","tag-mode"],"acf":[],"_links":{"self":[{"href":"https:\/\/ker-mer.com\/en\/wp-json\/wp\/v2\/posts\/1166","targetHints":{"allow":["GET"]}}],"collection":[{"href":"https:\/\/ker-mer.com\/en\/wp-json\/wp\/v2\/posts"}],"about":[{"href":"https:\/\/ker-mer.com\/en\/wp-json\/wp\/v2\/types\/post"}],"author":[{"embeddable":true,"href":"https:\/\/ker-mer.com\/en\/wp-json\/wp\/v2\/users\/1"}],"replies":[{"embeddable":true,"href":"https:\/\/ker-mer.com\/en\/wp-json\/wp\/v2\/comments?post=1166"}],"version-history":[{"count":0,"href":"https:\/\/ker-mer.com\/en\/wp-json\/wp\/v2\/posts\/1166\/revisions"}],"wp:featuredmedia":[{"embeddable":true,"href":"https:\/\/ker-mer.com\/en\/wp-json\/wp\/v2\/media\/8826"}],"wp:attachment":[{"href":"https:\/\/ker-mer.com\/en\/wp-json\/wp\/v2\/media?parent=1166"}],"wp:term":[{"taxonomy":"category","embeddable":true,"href":"https:\/\/ker-mer.com\/en\/wp-json\/wp\/v2\/categories?post=1166"},{"taxonomy":"post_tag","embeddable":true,"href":"https:\/\/ker-mer.com\/en\/wp-json\/wp\/v2\/tags?post=1166"}],"curies":[{"name":"wp","href":"https:\/\/api.w.org\/{rel}","templated":true}]}}